{"id":493,"date":"2018-05-25T19:34:31","date_gmt":"2018-05-25T19:34:31","guid":{"rendered":"http:\/\/tegelon.se\/?p=493"},"modified":"2018-05-25T19:40:07","modified_gmt":"2018-05-25T19:40:07","slug":"gdpr","status":"publish","type":"post","link":"https:\/\/tegelon.se\/index.php\/2018\/05\/25\/gdpr\/","title":{"rendered":"GDPR"},"content":{"rendered":"<p><span style=\"font-weight: 400;\">Dataskyddsf\u00f6rordningen (GDPR) g\u00e4ller som lag i alla EU:s\u00a0l\u00e4nder fr\u00e5n och med den 25 maj 2018. F\u00f6rordningen kommer att inneb\u00e4ra en hel del f\u00f6r\u00e4ndringar f\u00f6r de som behandlar personuppgifter och st\u00e4rka r\u00e4ttigheter f\u00f6r den enskilde n\u00e4r det g\u00e4ller personlig integritet. F\u00f6rordningen ers\u00e4tter personuppgiftslagen (PuL).<\/span><\/p>\n<p><span style=\"font-weight: 400;\">Dataskyddsf\u00f6rordningen inneb\u00e4r\u00a0att TSff (Tegel\u00f6ns Samf\u00e4llighetsf\u00f6rening) m\u00e5ste ge medlemmarna f\u00f6ljande information:<\/span><\/p>\n<ul>\n<li><span style=\"font-weight: 400;\">R\u00e4ttslig grund f\u00f6r\u00a0personuppgiftsbehandlingen \u00e4r \u00e4garskap av fastighet inom samf\u00e4lligheten.<\/span><\/li>\n<li><span style=\"font-weight: 400;\">TSff lagrar f\u00f6ljande uppgifter om medlemmarna: Namn, adress, telefonnummer samt i f\u00f6rekommande fall e-postadress kopplat till \u00e4garskap av fastighet inom samf\u00e4lligheten.<\/span><\/li>\n<li><span style=\"font-weight: 400;\">Anledningen till att TSff lagrar dessa uppgifter \u00e4r att TSff m\u00e5ste veta vilka som \u00e4r medlemmar i respektive gemensamhetsanl\u00e4ggning samt var information, kallelse till \u00e5rsm\u00f6tet och medlems- och brukaravgifter skall skickas.<\/span><\/li>\n<li><span style=\"font-weight: 400;\">Uppgifterna lagras av TSff\u00a0s\u00e5 l\u00e4nge medlemskapet i TSff varar, d\u00e4refter tas uppgifterna bort.<\/span><\/li>\n<li><span style=\"font-weight: 400;\">Samtliga medlemmar har r\u00e4tt ta del av sina egna uppgifter, samt p\u00e5kalla \u00e4ndringar.<\/span><\/li>\n<li><span style=\"font-weight: 400;\">TSff tecknar personuppgiftsbitr\u00e4desavtal med de underleverant\u00f6rer som behandlar medlemmarnas personuppgifter.<\/span><\/li>\n<li><span style=\"font-weight: 400;\">Personuppgiftsansvarig utsedd av styrelsen i TSff\u00a0kan n\u00e5s p\u00e5 e-post <\/span><a href=\"mailto:info@tegelon.se\"><span style=\"font-weight: 400;\">info@tegelon.se<\/span><\/a> <span style=\"font-weight: 400;\">\u00a0<\/span><\/li>\n<\/ul>\n<p><span style=\"font-weight: 400;\">F\u00f6r mer information h\u00e4nvisas till Datainspektionens hemsida\u00a0<\/span><a href=\"http:\/\/www.datainspektionen.se\/\"><span style=\"font-weight: 400;\">www.datainspektionen.se<\/span><\/a><\/p>\n<p><span style=\"font-weight: 400;\">Med v\u00e4nlig h\u00e4lsning,<\/span><\/p>\n<p><span style=\"font-weight: 400;\">Styrelsen<\/span><\/p>\n","protected":false},"excerpt":{"rendered":"<p>Dataskyddsf\u00f6rordningen (GDPR) g\u00e4ller som lag i alla EU:s\u00a0l\u00e4nder fr\u00e5n och med den 25 maj 2018. F\u00f6rordningen kommer att inneb\u00e4ra en hel del f\u00f6r\u00e4ndringar f\u00f6r de som behandlar personuppgifter och st\u00e4rka &hellip; <a href=\"https:\/\/tegelon.se\/index.php\/2018\/05\/25\/gdpr\/\" class=\"more-link\">Forts\u00e4tt l\u00e4sa <span class=\"screen-reader-text\">GDPR<\/span> <span class=\"meta-nav\">&rarr;<\/span><\/a><\/p>\n","protected":false},"author":1,"featured_media":0,"comment_status":"open","ping_status":"open","sticky":false,"template":"","format":"standard","meta":{"footnotes":""},"categories":[1],"tags":[],"class_list":["post-493","post","type-post","status-publish","format-standard","hentry","category-uncategorized"],"_links":{"self":[{"href":"https:\/\/tegelon.se\/index.php\/wp-json\/wp\/v2\/posts\/493","targetHints":{"allow":["GET"]}}],"collection":[{"href":"https:\/\/tegelon.se\/index.php\/wp-json\/wp\/v2\/posts"}],"about":[{"href":"https:\/\/tegelon.se\/index.php\/wp-json\/wp\/v2\/types\/post"}],"author":[{"embeddable":true,"href":"https:\/\/tegelon.se\/index.php\/wp-json\/wp\/v2\/users\/1"}],"replies":[{"embeddable":true,"href":"https:\/\/tegelon.se\/index.php\/wp-json\/wp\/v2\/comments?post=493"}],"version-history":[{"count":3,"href":"https:\/\/tegelon.se\/index.php\/wp-json\/wp\/v2\/posts\/493\/revisions"}],"predecessor-version":[{"id":496,"href":"https:\/\/tegelon.se\/index.php\/wp-json\/wp\/v2\/posts\/493\/revisions\/496"}],"wp:attachment":[{"href":"https:\/\/tegelon.se\/index.php\/wp-json\/wp\/v2\/media?parent=493"}],"wp:term":[{"taxonomy":"category","embeddable":true,"href":"https:\/\/tegelon.se\/index.php\/wp-json\/wp\/v2\/categories?post=493"},{"taxonomy":"post_tag","embeddable":true,"href":"https:\/\/tegelon.se\/index.php\/wp-json\/wp\/v2\/tags?post=493"}],"curies":[{"name":"wp","href":"https:\/\/api.w.org\/{rel}","templated":true}]}}