{"id":468,"date":"2017-07-15T21:15:33","date_gmt":"2017-07-15T21:15:33","guid":{"rendered":"http:\/\/tegelon.se\/?p=468"},"modified":"2017-07-17T08:34:11","modified_gmt":"2017-07-17T08:34:11","slug":"den-arliga-kraftskivan-pa-angen","status":"publish","type":"post","link":"https:\/\/tegelon.se\/index.php\/2017\/07\/15\/den-arliga-kraftskivan-pa-angen\/","title":{"rendered":"Kr\u00e4ftskiva p\u00e5 \u00e4ngen den 5:e augusti"},"content":{"rendered":"<p>P\u00e5 l\u00f6rdag den 5:e augusti kl. 19.00 \u00e4r det dags f\u00f6r den \u00e5rliga kr\u00e4vtskivan p\u00e5 \u00e4ngen. Ta med stolar, bord och kr\u00e4ftor. V\u00e4lkommen!<br \/>\n<figure id=\"attachment_294\" aria-describedby=\"caption-attachment-294\" style=\"width: 1716px\" class=\"wp-caption alignnone\"><a href=\"http:\/\/tegelon.se\/wp-content\/uploads\/2015\/08\/Kr\u00e4ftskiva15tight.jpg\"><img loading=\"lazy\" decoding=\"async\" src=\"http:\/\/tegelon.se\/wp-content\/uploads\/2015\/08\/Kr\u00e4ftskiva15tight.jpg\" alt=\"Kr\u00e4ftskivan den 1:a augusti 2015. Foto: Sten Haage\" width=\"1716\" height=\"464\" class=\"size-full wp-image-294\" \/><\/a><figcaption id=\"caption-attachment-294\" class=\"wp-caption-text\">Kr\u00e4ftskivan den 1:a augusti 2015. Foto: Sten Haage<\/figcaption><\/figure><\/p>\n","protected":false},"excerpt":{"rendered":"<p>P\u00e5 l\u00f6rdag den 5:e augusti kl. 19.00 \u00e4r det dags f\u00f6r den \u00e5rliga kr\u00e4vtskivan p\u00e5 \u00e4ngen. Ta med stolar, bord och kr\u00e4ftor. V\u00e4lkommen!<\/p>\n","protected":false},"author":1,"featured_media":0,"comment_status":"open","ping_status":"open","sticky":false,"template":"","format":"standard","meta":{"footnotes":""},"categories":[7],"tags":[],"class_list":["post-468","post","type-post","status-publish","format-standard","hentry","category-evenemang"],"_links":{"self":[{"href":"https:\/\/tegelon.se\/index.php\/wp-json\/wp\/v2\/posts\/468","targetHints":{"allow":["GET"]}}],"collection":[{"href":"https:\/\/tegelon.se\/index.php\/wp-json\/wp\/v2\/posts"}],"about":[{"href":"https:\/\/tegelon.se\/index.php\/wp-json\/wp\/v2\/types\/post"}],"author":[{"embeddable":true,"href":"https:\/\/tegelon.se\/index.php\/wp-json\/wp\/v2\/users\/1"}],"replies":[{"embeddable":true,"href":"https:\/\/tegelon.se\/index.php\/wp-json\/wp\/v2\/comments?post=468"}],"version-history":[{"count":3,"href":"https:\/\/tegelon.se\/index.php\/wp-json\/wp\/v2\/posts\/468\/revisions"}],"predecessor-version":[{"id":471,"href":"https:\/\/tegelon.se\/index.php\/wp-json\/wp\/v2\/posts\/468\/revisions\/471"}],"wp:attachment":[{"href":"https:\/\/tegelon.se\/index.php\/wp-json\/wp\/v2\/media?parent=468"}],"wp:term":[{"taxonomy":"category","embeddable":true,"href":"https:\/\/tegelon.se\/index.php\/wp-json\/wp\/v2\/categories?post=468"},{"taxonomy":"post_tag","embeddable":true,"href":"https:\/\/tegelon.se\/index.php\/wp-json\/wp\/v2\/tags?post=468"}],"curies":[{"name":"wp","href":"https:\/\/api.w.org\/{rel}","templated":true}]}}