{"id":311,"date":"2015-10-29T14:53:47","date_gmt":"2015-10-29T14:53:47","guid":{"rendered":"http:\/\/tegelon.se\/?p=311"},"modified":"2015-10-29T14:55:03","modified_gmt":"2015-10-29T14:55:03","slug":"anvand-anvisad-plats-for-batupptagning-pa-sommarbo","status":"publish","type":"post","link":"https:\/\/tegelon.se\/index.php\/2015\/10\/29\/anvand-anvisad-plats-for-batupptagning-pa-sommarbo\/","title":{"rendered":"Anv\u00e4nd anvisad plats f\u00f6r b\u00e5tupptagning p\u00e5 Sommarbo"},"content":{"rendered":"<p>M\u00e5nga har b\u00f6rjat t\u00e4nka p\u00e5 att ta upp sina b\u00e5tar. P\u00e5 Sommarbo \u00e4r det sedan den 15:e oktober m\u00f6jligt att l\u00e4gga upp sm\u00e5b\u00e5tar p\u00e5 parkeringen.<br \/>\nF\u00f6r att underl\u00e4tta sn\u00f6r\u00f6jningen ser vi helst att ni l\u00e4gger b\u00e5tar p\u00e5 de p\u00e5 kartan gr\u00f6nmarkerade platserna.<\/p>\n<figure id=\"attachment_310\" aria-describedby=\"caption-attachment-310\" style=\"width: 3196px\" class=\"wp-caption alignnone\"><a href=\"http:\/\/tegelon.se\/wp-content\/uploads\/2015\/10\/parkeringen-sommarbo.jpg\"><img loading=\"lazy\" decoding=\"async\" class=\"size-full wp-image-310\" src=\"http:\/\/tegelon.se\/wp-content\/uploads\/2015\/10\/parkeringen-sommarbo.jpg\" alt=\"Anvisade platser f\u00f6r uppl\u00e4ggning av sm\u00e5b\u00e5tar p\u00e5 Sommarbo.\" width=\"3196\" height=\"1476\" \/><\/a><figcaption id=\"caption-attachment-310\" class=\"wp-caption-text\">Anvisade platser f\u00f6r uppl\u00e4ggning av sm\u00e5b\u00e5tar p\u00e5 Sommarbo.<\/figcaption><\/figure>\n<p>B\u00e5tarna m\u00e5ste vara ilagda igen senast den 15:e april. F\u00f6re mer information och riktlinjer kring parkeringen p\u00e5 Sommarbo se <a href=\"http:\/\/tegelon.se\/index.php\/samfallighetsforeningen\/#policies\">Tegel\u00f6ns hemsida<\/a>.<\/p>\n","protected":false},"excerpt":{"rendered":"<p>M\u00e5nga har b\u00f6rjat t\u00e4nka p\u00e5 att ta upp sina b\u00e5tar. P\u00e5 Sommarbo \u00e4r det sedan den 15:e oktober m\u00f6jligt att l\u00e4gga upp sm\u00e5b\u00e5tar p\u00e5 parkeringen. F\u00f6r att underl\u00e4tta sn\u00f6r\u00f6jningen ser &hellip; <a href=\"https:\/\/tegelon.se\/index.php\/2015\/10\/29\/anvand-anvisad-plats-for-batupptagning-pa-sommarbo\/\" class=\"more-link\">Forts\u00e4tt l\u00e4sa <span class=\"screen-reader-text\">Anv\u00e4nd anvisad plats f\u00f6r b\u00e5tupptagning p\u00e5 Sommarbo<\/span> <span class=\"meta-nav\">&rarr;<\/span><\/a><\/p>\n","protected":false},"author":1,"featured_media":0,"comment_status":"open","ping_status":"open","sticky":false,"template":"","format":"standard","meta":{"footnotes":""},"categories":[1],"tags":[],"class_list":["post-311","post","type-post","status-publish","format-standard","hentry","category-uncategorized"],"_links":{"self":[{"href":"https:\/\/tegelon.se\/index.php\/wp-json\/wp\/v2\/posts\/311","targetHints":{"allow":["GET"]}}],"collection":[{"href":"https:\/\/tegelon.se\/index.php\/wp-json\/wp\/v2\/posts"}],"about":[{"href":"https:\/\/tegelon.se\/index.php\/wp-json\/wp\/v2\/types\/post"}],"author":[{"embeddable":true,"href":"https:\/\/tegelon.se\/index.php\/wp-json\/wp\/v2\/users\/1"}],"replies":[{"embeddable":true,"href":"https:\/\/tegelon.se\/index.php\/wp-json\/wp\/v2\/comments?post=311"}],"version-history":[{"count":2,"href":"https:\/\/tegelon.se\/index.php\/wp-json\/wp\/v2\/posts\/311\/revisions"}],"predecessor-version":[{"id":313,"href":"https:\/\/tegelon.se\/index.php\/wp-json\/wp\/v2\/posts\/311\/revisions\/313"}],"wp:attachment":[{"href":"https:\/\/tegelon.se\/index.php\/wp-json\/wp\/v2\/media?parent=311"}],"wp:term":[{"taxonomy":"category","embeddable":true,"href":"https:\/\/tegelon.se\/index.php\/wp-json\/wp\/v2\/categories?post=311"},{"taxonomy":"post_tag","embeddable":true,"href":"https:\/\/tegelon.se\/index.php\/wp-json\/wp\/v2\/tags?post=311"}],"curies":[{"name":"wp","href":"https:\/\/api.w.org\/{rel}","templated":true}]}}